{"id":576,"date":"2025-04-05T20:44:57","date_gmt":"2025-04-05T18:44:57","guid":{"rendered":"http:\/\/wandbilder-schoch.de\/schoch\/wordpress\/?p=576"},"modified":"2025-05-10T20:51:19","modified_gmt":"2025-05-10T18:51:19","slug":"kulturnacht-feuerbach-am-5-april-2025","status":"publish","type":"post","link":"http:\/\/wandbilder-schoch.de\/schoch\/wordpress\/2025\/04\/05\/kulturnacht-feuerbach-am-5-april-2025\/","title":{"rendered":"Kulturnacht Feuerbach am 5. April 2025"},"content":{"rendered":"<figure id=\"attachment_577\" aria-describedby=\"caption-attachment-577\" style=\"width: 840px\" class=\"wp-caption alignnone\"><img decoding=\"async\" loading=\"lazy\" class=\"size-large wp-image-577\" src=\"http:\/\/wandbilder-schoch.de\/schoch\/wordpress\/wp-content\/uploads\/2025\/05\/P1320527-1024x683.jpg\" alt=\"Kulturnacht 2025\" width=\"840\" height=\"560\" srcset=\"http:\/\/wandbilder-schoch.de\/schoch\/wordpress\/wp-content\/uploads\/2025\/05\/P1320527-1024x683.jpg 1024w, http:\/\/wandbilder-schoch.de\/schoch\/wordpress\/wp-content\/uploads\/2025\/05\/P1320527-300x200.jpg 300w, http:\/\/wandbilder-schoch.de\/schoch\/wordpress\/wp-content\/uploads\/2025\/05\/P1320527-768x512.jpg 768w, http:\/\/wandbilder-schoch.de\/schoch\/wordpress\/wp-content\/uploads\/2025\/05\/P1320527-1536x1024.jpg 1536w, http:\/\/wandbilder-schoch.de\/schoch\/wordpress\/wp-content\/uploads\/2025\/05\/P1320527-2048x1365.jpg 2048w, http:\/\/wandbilder-schoch.de\/schoch\/wordpress\/wp-content\/uploads\/2025\/05\/P1320527-1200x800.jpg 1200w\" sizes=\"(max-width: 709px) 85vw, (max-width: 909px) 67vw, (max-width: 1362px) 62vw, 840px\" \/><figcaption id=\"caption-attachment-577\" class=\"wp-caption-text\">Kulturnacht 2025<\/figcaption><\/figure>\n<p>Der Verein pr\u00e4sentierte wieder die vier Wandmalereien aus dem fr\u00fcheren Schoch-Areal im IW8 Stuttgart in Stuttgart Feuerbach, Siemensstr. 140.<\/p>\n<p>Das Wetter war sehr sch\u00f6n und es kamen zahlreiche BesucherInnen.<\/p>\n<p>Es war eine sch\u00f6ne Veranstaltung.<\/p>\n<figure id=\"attachment_578\" aria-describedby=\"caption-attachment-578\" style=\"width: 840px\" class=\"wp-caption alignnone\"><img decoding=\"async\" loading=\"lazy\" class=\"size-large wp-image-578\" src=\"http:\/\/wandbilder-schoch.de\/schoch\/wordpress\/wp-content\/uploads\/2025\/05\/P1320515-1024x683.jpg\" alt=\"Kulturnacht 2025\" width=\"840\" height=\"560\" srcset=\"http:\/\/wandbilder-schoch.de\/schoch\/wordpress\/wp-content\/uploads\/2025\/05\/P1320515-1024x683.jpg 1024w, http:\/\/wandbilder-schoch.de\/schoch\/wordpress\/wp-content\/uploads\/2025\/05\/P1320515-300x200.jpg 300w, http:\/\/wandbilder-schoch.de\/schoch\/wordpress\/wp-content\/uploads\/2025\/05\/P1320515-768x512.jpg 768w, http:\/\/wandbilder-schoch.de\/schoch\/wordpress\/wp-content\/uploads\/2025\/05\/P1320515-1536x1024.jpg 1536w, http:\/\/wandbilder-schoch.de\/schoch\/wordpress\/wp-content\/uploads\/2025\/05\/P1320515-2048x1365.jpg 2048w, http:\/\/wandbilder-schoch.de\/schoch\/wordpress\/wp-content\/uploads\/2025\/05\/P1320515-1200x800.jpg 1200w\" sizes=\"(max-width: 709px) 85vw, (max-width: 909px) 67vw, (max-width: 1362px) 62vw, 840px\" \/><figcaption id=\"caption-attachment-578\" class=\"wp-caption-text\">Kulturnacht 2025<\/figcaption><\/figure>\n","protected":false},"excerpt":{"rendered":"<p>Der Verein pr\u00e4sentierte wieder die vier Wandmalereien aus dem fr\u00fcheren Schoch-Areal im IW8 Stuttgart in Stuttgart Feuerbach, Siemensstr. 140. Das Wetter war sehr sch\u00f6n und es kamen zahlreiche BesucherInnen. Es war eine sch\u00f6ne Veranstaltung.<\/p>\n","protected":false},"author":1,"featured_media":0,"comment_status":"closed","ping_status":"open","sticky":false,"template":"","format":"standard","meta":[],"categories":[1],"tags":[],"_links":{"self":[{"href":"http:\/\/wandbilder-schoch.de\/schoch\/wordpress\/wp-json\/wp\/v2\/posts\/576"}],"collection":[{"href":"http:\/\/wandbilder-schoch.de\/schoch\/wordpress\/wp-json\/wp\/v2\/posts"}],"about":[{"href":"http:\/\/wandbilder-schoch.de\/schoch\/wordpress\/wp-json\/wp\/v2\/types\/post"}],"author":[{"embeddable":true,"href":"http:\/\/wandbilder-schoch.de\/schoch\/wordpress\/wp-json\/wp\/v2\/users\/1"}],"replies":[{"embeddable":true,"href":"http:\/\/wandbilder-schoch.de\/schoch\/wordpress\/wp-json\/wp\/v2\/comments?post=576"}],"version-history":[{"count":1,"href":"http:\/\/wandbilder-schoch.de\/schoch\/wordpress\/wp-json\/wp\/v2\/posts\/576\/revisions"}],"predecessor-version":[{"id":579,"href":"http:\/\/wandbilder-schoch.de\/schoch\/wordpress\/wp-json\/wp\/v2\/posts\/576\/revisions\/579"}],"wp:attachment":[{"href":"http:\/\/wandbilder-schoch.de\/schoch\/wordpress\/wp-json\/wp\/v2\/media?parent=576"}],"wp:term":[{"taxonomy":"category","embeddable":true,"href":"http:\/\/wandbilder-schoch.de\/schoch\/wordpress\/wp-json\/wp\/v2\/categories?post=576"},{"taxonomy":"post_tag","embeddable":true,"href":"http:\/\/wandbilder-schoch.de\/schoch\/wordpress\/wp-json\/wp\/v2\/tags?post=576"}],"curies":[{"name":"wp","href":"https:\/\/api.w.org\/{rel}","templated":true}]}}