{"id":505,"date":"2021-11-17T18:35:49","date_gmt":"2021-11-17T17:35:49","guid":{"rendered":"http:\/\/wandbilder-schoch.de\/schoch\/wordpress\/?p=505"},"modified":"2021-11-17T18:35:49","modified_gmt":"2021-11-17T17:35:49","slug":"14-kulturnacht-am-23-oktober-2021","status":"publish","type":"post","link":"http:\/\/wandbilder-schoch.de\/schoch\/wordpress\/2021\/11\/17\/14-kulturnacht-am-23-oktober-2021\/","title":{"rendered":"14. Kulturnacht am 23. Oktober 2021"},"content":{"rendered":"<figure id=\"attachment_503\" aria-describedby=\"caption-attachment-503\" style=\"width: 840px\" class=\"wp-caption alignnone\"><img decoding=\"async\" loading=\"lazy\" class=\"size-large wp-image-503\" src=\"http:\/\/wandbilder-schoch.de\/schoch\/wordpress\/wp-content\/uploads\/2021\/11\/Kulturnacht-2021-1.-1024x683.jpg\" alt=\"\" width=\"840\" height=\"560\" srcset=\"http:\/\/wandbilder-schoch.de\/schoch\/wordpress\/wp-content\/uploads\/2021\/11\/Kulturnacht-2021-1.-1024x683.jpg 1024w, http:\/\/wandbilder-schoch.de\/schoch\/wordpress\/wp-content\/uploads\/2021\/11\/Kulturnacht-2021-1.-300x200.jpg 300w, http:\/\/wandbilder-schoch.de\/schoch\/wordpress\/wp-content\/uploads\/2021\/11\/Kulturnacht-2021-1.-768x512.jpg 768w, http:\/\/wandbilder-schoch.de\/schoch\/wordpress\/wp-content\/uploads\/2021\/11\/Kulturnacht-2021-1.-1536x1024.jpg 1536w, http:\/\/wandbilder-schoch.de\/schoch\/wordpress\/wp-content\/uploads\/2021\/11\/Kulturnacht-2021-1.-2048x1365.jpg 2048w, http:\/\/wandbilder-schoch.de\/schoch\/wordpress\/wp-content\/uploads\/2021\/11\/Kulturnacht-2021-1.-1200x800.jpg 1200w\" sizes=\"(max-width: 709px) 85vw, (max-width: 909px) 67vw, (max-width: 1362px) 62vw, 840px\" \/><figcaption id=\"caption-attachment-503\" class=\"wp-caption-text\">Feuerbacher Kulturnacht 2021<\/figcaption><\/figure>\n<p class=\"western\">Nach der Corona-Zwangspause fand nach mehr als eineinhalb Jahren endlich wieder eine Feuerbacher Kulturnacht statt. Auch die geretteten Wandbilder aus der Kantine des ehemaligen Schoch-Areals konnten wieder besichtigt werden. Sie haben im IW8 Stuttgart Kultur und Kreativzentrum, Siemensstra\u00dfe 136 &#8211; 140, eine neue Heimat gefunden.<\/p>\n<p class=\"western\">Die Besucherinnen und Besucher nahmen die coronabedingten Einschr\u00e4nkungen gelassen. Sie waren begeistert von den gro\u00dfformatigen Wandmalereien, besonders von der \u201eWeinbaugemeinde\u201c, die mit ihrer Gr\u00f6\u00dfe von 5,59 x 1,59 Meter beeindruckte. An der Geschichte der Bilder, die im sch\u00f6n geschm\u00fcckten Innenhof in einer Bildergalerie dargestellt wurde, bestand gro\u00dfes Interesse, vor allem an Abnahme und Rettung der Kunstwerke. Interessante Gespr\u00e4che rundeten die gelungene Veranstaltung ab.<\/p>\n<figure id=\"attachment_504\" aria-describedby=\"caption-attachment-504\" style=\"width: 840px\" class=\"wp-caption alignnone\"><img decoding=\"async\" loading=\"lazy\" class=\"size-large wp-image-504\" src=\"http:\/\/wandbilder-schoch.de\/schoch\/wordpress\/wp-content\/uploads\/2021\/11\/Kurturnacht-2021-2.--1024x683.jpg\" alt=\"\" width=\"840\" height=\"560\" srcset=\"http:\/\/wandbilder-schoch.de\/schoch\/wordpress\/wp-content\/uploads\/2021\/11\/Kurturnacht-2021-2.--1024x683.jpg 1024w, http:\/\/wandbilder-schoch.de\/schoch\/wordpress\/wp-content\/uploads\/2021\/11\/Kurturnacht-2021-2.--300x200.jpg 300w, http:\/\/wandbilder-schoch.de\/schoch\/wordpress\/wp-content\/uploads\/2021\/11\/Kurturnacht-2021-2.--768x512.jpg 768w, http:\/\/wandbilder-schoch.de\/schoch\/wordpress\/wp-content\/uploads\/2021\/11\/Kurturnacht-2021-2.--1536x1024.jpg 1536w, http:\/\/wandbilder-schoch.de\/schoch\/wordpress\/wp-content\/uploads\/2021\/11\/Kurturnacht-2021-2.--2048x1365.jpg 2048w, http:\/\/wandbilder-schoch.de\/schoch\/wordpress\/wp-content\/uploads\/2021\/11\/Kurturnacht-2021-2.--1200x800.jpg 1200w\" sizes=\"(max-width: 709px) 85vw, (max-width: 909px) 67vw, (max-width: 1362px) 62vw, 840px\" \/><figcaption id=\"caption-attachment-504\" class=\"wp-caption-text\">Feuerbacher Kulturnacht 2021<\/figcaption><\/figure>\n","protected":false},"excerpt":{"rendered":"<p>Nach der Corona-Zwangspause fand nach mehr als eineinhalb Jahren endlich wieder eine Feuerbacher Kulturnacht statt. Auch die geretteten Wandbilder aus der Kantine des ehemaligen Schoch-Areals konnten wieder besichtigt werden. Sie haben im IW8 Stuttgart Kultur und Kreativzentrum, Siemensstra\u00dfe 136 &#8211; 140, eine neue Heimat gefunden. Die Besucherinnen und Besucher nahmen die coronabedingten Einschr\u00e4nkungen gelassen. Sie &hellip; <a href=\"http:\/\/wandbilder-schoch.de\/schoch\/wordpress\/2021\/11\/17\/14-kulturnacht-am-23-oktober-2021\/\" class=\"more-link\"><span class=\"screen-reader-text\">\u201e14. Kulturnacht am 23. Oktober 2021\u201c<\/span> weiterlesen<\/a><\/p>\n","protected":false},"author":1,"featured_media":0,"comment_status":"closed","ping_status":"open","sticky":false,"template":"","format":"standard","meta":[],"categories":[1],"tags":[],"_links":{"self":[{"href":"http:\/\/wandbilder-schoch.de\/schoch\/wordpress\/wp-json\/wp\/v2\/posts\/505"}],"collection":[{"href":"http:\/\/wandbilder-schoch.de\/schoch\/wordpress\/wp-json\/wp\/v2\/posts"}],"about":[{"href":"http:\/\/wandbilder-schoch.de\/schoch\/wordpress\/wp-json\/wp\/v2\/types\/post"}],"author":[{"embeddable":true,"href":"http:\/\/wandbilder-schoch.de\/schoch\/wordpress\/wp-json\/wp\/v2\/users\/1"}],"replies":[{"embeddable":true,"href":"http:\/\/wandbilder-schoch.de\/schoch\/wordpress\/wp-json\/wp\/v2\/comments?post=505"}],"version-history":[{"count":4,"href":"http:\/\/wandbilder-schoch.de\/schoch\/wordpress\/wp-json\/wp\/v2\/posts\/505\/revisions"}],"predecessor-version":[{"id":509,"href":"http:\/\/wandbilder-schoch.de\/schoch\/wordpress\/wp-json\/wp\/v2\/posts\/505\/revisions\/509"}],"wp:attachment":[{"href":"http:\/\/wandbilder-schoch.de\/schoch\/wordpress\/wp-json\/wp\/v2\/media?parent=505"}],"wp:term":[{"taxonomy":"category","embeddable":true,"href":"http:\/\/wandbilder-schoch.de\/schoch\/wordpress\/wp-json\/wp\/v2\/categories?post=505"},{"taxonomy":"post_tag","embeddable":true,"href":"http:\/\/wandbilder-schoch.de\/schoch\/wordpress\/wp-json\/wp\/v2\/tags?post=505"}],"curies":[{"name":"wp","href":"https:\/\/api.w.org\/{rel}","templated":true}]}}