{"id":326,"date":"2019-04-01T17:46:41","date_gmt":"2019-04-01T15:46:41","guid":{"rendered":"http:\/\/wandbilder-schoch.de\/schoch\/wordpress\/?p=326"},"modified":"2020-02-18T11:01:15","modified_gmt":"2020-02-18T10:01:15","slug":"181-buergertreff-vom-buergerverein-feuerbach-im-iw8-stuttgart","status":"publish","type":"post","link":"http:\/\/wandbilder-schoch.de\/schoch\/wordpress\/2019\/04\/01\/181-buergertreff-vom-buergerverein-feuerbach-im-iw8-stuttgart\/","title":{"rendered":"181. B\u00fcrgertreff vom B\u00fcrgerverein Feuerbach im IW8 Stuttgart"},"content":{"rendered":"<p align=\"left\">10. April 2019: 181. B\u00fcrgertreff vom B\u00fcrgerverein Feuerbach im IW8 Stuttgart<\/p>\n<p align=\"left\">Der\u00a0<strong>Verein zur Rettung der Wandbilder im Schoch-Areal e.V<\/strong>. pr\u00e4sentierte die Wandmalereien beim 181. B\u00fcrgertreff vom B\u00fcrgerverein Feuerbach.<\/p>\n<figure id=\"attachment_301\" class=\"wp-caption alignnone\" aria-describedby=\"caption-attachment-301\"><img decoding=\"async\" loading=\"lazy\" class=\" wp-image-301\" src=\"http:\/\/wandbilder-schoch.de\/schoch\/wordpress\/wp-content\/uploads\/2019\/12\/Bild-vom-B%C3%BCrgerverein-Feuerbach-181.-B%C3%BCrgertref-1024x620.jpg\" sizes=\"(max-width: 430px) 85vw, 430px\" srcset=\"http:\/\/wandbilder-schoch.de\/schoch\/wordpress\/wp-content\/uploads\/2019\/12\/Bild-vom-B\u00fcrgerverein-Feuerbach-181.-B\u00fcrgertref-1024x620.jpg 1024w, http:\/\/wandbilder-schoch.de\/schoch\/wordpress\/wp-content\/uploads\/2019\/12\/Bild-vom-B\u00fcrgerverein-Feuerbach-181.-B\u00fcrgertref-300x182.jpg 300w, http:\/\/wandbilder-schoch.de\/schoch\/wordpress\/wp-content\/uploads\/2019\/12\/Bild-vom-B\u00fcrgerverein-Feuerbach-181.-B\u00fcrgertref-768x465.jpg 768w, http:\/\/wandbilder-schoch.de\/schoch\/wordpress\/wp-content\/uploads\/2019\/12\/Bild-vom-B\u00fcrgerverein-Feuerbach-181.-B\u00fcrgertref-1536x930.jpg 1536w, http:\/\/wandbilder-schoch.de\/schoch\/wordpress\/wp-content\/uploads\/2019\/12\/Bild-vom-B\u00fcrgerverein-Feuerbach-181.-B\u00fcrgertref-2048x1241.jpg 2048w, http:\/\/wandbilder-schoch.de\/schoch\/wordpress\/wp-content\/uploads\/2019\/12\/Bild-vom-B\u00fcrgerverein-Feuerbach-181.-B\u00fcrgertref-1200x727.jpg 1200w\" alt=\"Bild vom B\u00fcrgerverein Feuerbach - 181. B\u00fcrgertref\" width=\"430\" height=\"260\" \/><figcaption id=\"caption-attachment-301\" class=\"wp-caption-text\">Bild vom B\u00fcrgerverein Feuerbach \u2013 181. B\u00fcrgertreff mit Vorstandsvorsitzender Frau Elke Thieme<\/figcaption><\/figure>\n","protected":false},"excerpt":{"rendered":"<p>10. April 2019: 181. B\u00fcrgertreff vom B\u00fcrgerverein Feuerbach im IW8 Stuttgart Der\u00a0Verein zur Rettung der Wandbilder im Schoch-Areal e.V. pr\u00e4sentierte die Wandmalereien beim 181. B\u00fcrgertreff vom B\u00fcrgerverein Feuerbach. Bild vom B\u00fcrgerverein Feuerbach \u2013 181. B\u00fcrgertreff mit Vorstandsvorsitzender Frau Elke Thieme<\/p>\n","protected":false},"author":3,"featured_media":0,"comment_status":"open","ping_status":"open","sticky":false,"template":"","format":"standard","meta":[],"categories":[1],"tags":[],"_links":{"self":[{"href":"http:\/\/wandbilder-schoch.de\/schoch\/wordpress\/wp-json\/wp\/v2\/posts\/326"}],"collection":[{"href":"http:\/\/wandbilder-schoch.de\/schoch\/wordpress\/wp-json\/wp\/v2\/posts"}],"about":[{"href":"http:\/\/wandbilder-schoch.de\/schoch\/wordpress\/wp-json\/wp\/v2\/types\/post"}],"author":[{"embeddable":true,"href":"http:\/\/wandbilder-schoch.de\/schoch\/wordpress\/wp-json\/wp\/v2\/users\/3"}],"replies":[{"embeddable":true,"href":"http:\/\/wandbilder-schoch.de\/schoch\/wordpress\/wp-json\/wp\/v2\/comments?post=326"}],"version-history":[{"count":2,"href":"http:\/\/wandbilder-schoch.de\/schoch\/wordpress\/wp-json\/wp\/v2\/posts\/326\/revisions"}],"predecessor-version":[{"id":423,"href":"http:\/\/wandbilder-schoch.de\/schoch\/wordpress\/wp-json\/wp\/v2\/posts\/326\/revisions\/423"}],"wp:attachment":[{"href":"http:\/\/wandbilder-schoch.de\/schoch\/wordpress\/wp-json\/wp\/v2\/media?parent=326"}],"wp:term":[{"taxonomy":"category","embeddable":true,"href":"http:\/\/wandbilder-schoch.de\/schoch\/wordpress\/wp-json\/wp\/v2\/categories?post=326"},{"taxonomy":"post_tag","embeddable":true,"href":"http:\/\/wandbilder-schoch.de\/schoch\/wordpress\/wp-json\/wp\/v2\/tags?post=326"}],"curies":[{"name":"wp","href":"https:\/\/api.w.org\/{rel}","templated":true}]}}