{"id":276,"date":"2014-07-23T09:00:01","date_gmt":"2014-07-23T07:00:01","guid":{"rendered":"http:\/\/wandbilder-schoch.de\/schoch\/wordpress\/?p=276"},"modified":"2019-12-09T09:01:47","modified_gmt":"2019-12-09T08:01:47","slug":"brand-in-ehemaligem-fabrikgebaeude-am-schoch-areal-verursachte-chaos-in-feuerbach","status":"publish","type":"post","link":"http:\/\/wandbilder-schoch.de\/schoch\/wordpress\/2014\/07\/23\/brand-in-ehemaligem-fabrikgebaeude-am-schoch-areal-verursachte-chaos-in-feuerbach\/","title":{"rendered":"Brand in ehemaligem Fabrikgeb\u00e4ude am Schoch-Areal verursachte Chaos in Feuerbach"},"content":{"rendered":"<p>Artikel von www.feuerbach.de 23.07.2014<\/p>\n<dl class=\"mittel\">\n<dt><img decoding=\"async\" src=\"http:\/\/wandbilder-schoch.de\/img\/feubafeuerwehr.jpg\" alt=\"Polizei und Feuerwehr in verrauchten Stra\u00dfen\" width=\"500px\" \/><\/dt>\n<dd>Die Feuerbacher Feuerwehr riegelte das gesamte Gel\u00e4nde weitr\u00e4umig ab und sperrte u.a. die Stuttgarter Stra\u00dfe f\u00fcr eine Stunde. Foto: feuerbach.de<\/dd>\n<\/dl>\n<p>Aus bislang ungekl\u00e4rter Ursache hat es am Dienstagmittag (22.07.) in einem leerstehenden Fabrikgeb\u00e4ude an der Dornbirner Stra\u00dfe gebrannt. Wegen der Rauchentwicklung wurden Bewohner aufgefordert worden, Fenster und T\u00fcren geschlossen zu halten, die Stuttgarter Stra\u00dfe war abgesperrt.<\/p>\n<p><!--more--><\/p>\n<p>Passanten alarmierten gegen 13.45 Uhr die Rettungskr\u00e4fte, nachdem starker Qualm aus dem Geb\u00e4ude drang. Ein gro\u00dfes Aufgebot der Feuerwehr war vor Ort und l\u00f6schte den Brand, der nach bisherigem Stand der Ermittlungen in einen ehemaligen Betriebsraum ausgebrochen war. Die Brandursache und die H\u00f6he des entstandenen Sachschadens sind bislang v\u00f6llig unklar. Die Kriminalpolizei wird die Ermittlungen hierzu aufnehmen. Wegen der starken Rauchentwicklung sind die Anwohner aufgefordert worden, die Fenster geschlossen zu halten. Offenbar gab es keine Verletzten. Die Stuttgarter Stra\u00dfe und die Bludenzer Stra\u00dfe waren w\u00e4hrend der L\u00f6scharbeiten f\u00fcr rund eine Stunde gesperrt. Der Verkehr wurde umgeleitet.<\/p>\n<p>Quelle: Polizei Stuttgart 23.07.2014 Kategorie(n): Polizeimeldungen, Umwelt<\/p>\n","protected":false},"excerpt":{"rendered":"<p>Artikel von www.feuerbach.de 23.07.2014 Die Feuerbacher Feuerwehr riegelte das gesamte Gel\u00e4nde weitr\u00e4umig ab und sperrte u.a. die Stuttgarter Stra\u00dfe f\u00fcr eine Stunde. Foto: feuerbach.de Aus bislang ungekl\u00e4rter Ursache hat es am Dienstagmittag (22.07.) in einem leerstehenden Fabrikgeb\u00e4ude an der Dornbirner Stra\u00dfe gebrannt. Wegen der Rauchentwicklung wurden Bewohner aufgefordert worden, Fenster und T\u00fcren geschlossen zu halten, &hellip; <a href=\"http:\/\/wandbilder-schoch.de\/schoch\/wordpress\/2014\/07\/23\/brand-in-ehemaligem-fabrikgebaeude-am-schoch-areal-verursachte-chaos-in-feuerbach\/\" class=\"more-link\"><span class=\"screen-reader-text\">\u201eBrand in ehemaligem Fabrikgeb\u00e4ude am Schoch-Areal verursachte Chaos in Feuerbach\u201c<\/span> weiterlesen<\/a><\/p>\n","protected":false},"author":3,"featured_media":0,"comment_status":"open","ping_status":"open","sticky":false,"template":"","format":"standard","meta":[],"categories":[1,3],"tags":[],"_links":{"self":[{"href":"http:\/\/wandbilder-schoch.de\/schoch\/wordpress\/wp-json\/wp\/v2\/posts\/276"}],"collection":[{"href":"http:\/\/wandbilder-schoch.de\/schoch\/wordpress\/wp-json\/wp\/v2\/posts"}],"about":[{"href":"http:\/\/wandbilder-schoch.de\/schoch\/wordpress\/wp-json\/wp\/v2\/types\/post"}],"author":[{"embeddable":true,"href":"http:\/\/wandbilder-schoch.de\/schoch\/wordpress\/wp-json\/wp\/v2\/users\/3"}],"replies":[{"embeddable":true,"href":"http:\/\/wandbilder-schoch.de\/schoch\/wordpress\/wp-json\/wp\/v2\/comments?post=276"}],"version-history":[{"count":2,"href":"http:\/\/wandbilder-schoch.de\/schoch\/wordpress\/wp-json\/wp\/v2\/posts\/276\/revisions"}],"predecessor-version":[{"id":278,"href":"http:\/\/wandbilder-schoch.de\/schoch\/wordpress\/wp-json\/wp\/v2\/posts\/276\/revisions\/278"}],"wp:attachment":[{"href":"http:\/\/wandbilder-schoch.de\/schoch\/wordpress\/wp-json\/wp\/v2\/media?parent=276"}],"wp:term":[{"taxonomy":"category","embeddable":true,"href":"http:\/\/wandbilder-schoch.de\/schoch\/wordpress\/wp-json\/wp\/v2\/categories?post=276"},{"taxonomy":"post_tag","embeddable":true,"href":"http:\/\/wandbilder-schoch.de\/schoch\/wordpress\/wp-json\/wp\/v2\/tags?post=276"}],"curies":[{"name":"wp","href":"https:\/\/api.w.org\/{rel}","templated":true}]}}