{"id":269,"date":"2015-03-11T08:39:12","date_gmt":"2015-03-11T07:39:12","guid":{"rendered":"http:\/\/wandbilder-schoch.de\/schoch\/wordpress\/?p=269"},"modified":"2019-12-09T08:46:39","modified_gmt":"2019-12-09T07:46:39","slug":"lange-kulturnacht-2015","status":"publish","type":"post","link":"http:\/\/wandbilder-schoch.de\/schoch\/wordpress\/2015\/03\/11\/lange-kulturnacht-2015\/","title":{"rendered":"Lange Kulturnacht 2015"},"content":{"rendered":"<p>Artikel in der Nordrundschau vom 11.03.2015<\/p>\n<p>StN und StZ Printausgabe<\/p>\n<h5>Der Tag geht, die Kultur kommt<\/h5>\n<p>von Georg Friedel und Torsten Str\u00f6bele, 11.03.2015 17:45 Uhr<\/p>\n<p>Bei der langen Kulturnacht in Feuerbach werden neue Projekte aus dem Stadtbezirk vorgestellt.<br \/>\nErstmals beteiligt sich auch das Kreativzentrum im Werk 8 auf dem ehemaligen Produktionsgel\u00e4nde der Firma.<\/p>\n<figure id=\"attachment_201\" class=\"wp-caption alignnone\" aria-describedby=\"caption-attachment-201\"><img decoding=\"async\" loading=\"lazy\" class=\"wp-image-201 size-full\" src=\"http:\/\/wandbilder-schoch.de\/schoch\/wordpress\/wp-content\/uploads\/2019\/12\/NRS-Kulturnacht-Grafik-11.3.15.jpg\" sizes=\"(max-width: 753px) 85vw, 753px\" srcset=\"http:\/\/wandbilder-schoch.de\/schoch\/wordpress\/wp-content\/uploads\/2019\/12\/NRS-Kulturnacht-Grafik-11.3.15.jpg 753w, http:\/\/wandbilder-schoch.de\/schoch\/wordpress\/wp-content\/uploads\/2019\/12\/NRS-Kulturnacht-Grafik-11.3.15-300x211.jpg 300w\" alt=\"Der Tag geht, die Kultur kommt\" width=\"753\" height=\"530\" \/><figcaption id=\"caption-attachment-201\" class=\"wp-caption-text\">Der Tag geht, die Kultur kommt\u00a0 &#8211; Foto: Torsten Str\u00f6bele<\/figcaption>Die Restauratoren Karl Petzold, Wolfgang G\u00e4rtner (l. und 2.v.l.) und die Mitglieder des Vereins \u201eRettung der Wandbilder im Schoch-Areal\u201c mit der Vorsitzenden Elke Thieme (2.v.r.) pr\u00e4sentieren eines der restaurierten Gem\u00e4lde am neuen Standort.<\/figure>\n<p>Neues gibt es bei der langen Kulturnacht immer wieder zu entdecken \u2013 auch wenn es bereits die neunte Auflage ist.<\/p>\n<p><!--more--><\/p>\n<p>Kulturnacht-Premiere feiert am Samstag, 14. M\u00e4rz, das neue Kreativzentrum &#8218;Im Werk 8&#8216; (IW8). Unter dem Motto \u201eDie Nacht im Werk Acht\u201c gibt es zwischen 19 und 23.30 Uhr an der Siemensstra\u00dfe 140 einiges zu sehen.<\/p>\n<p>Die k\u00fcnftige IW8-Mieterin Doris Graf pr\u00e4sentiert ihr globales Kunstprojekt. Sie hat in Rio, Istanbul, Berlin und Stuttgart Personen befragt, wie sie ihre Stadt erleben, was ihnen fehlt und wonach sie sich sehnen. Graf hat darauf nun die k\u00fcnstlerischen Antworten gegeben. Zudem wird die weit<br \/>\ngereiste und preisgekr\u00f6nte K\u00fcnstlerin Sibylle Schwarz vor Ort malen.<\/p>\n<p>Ausgezeichnet wurde auch schon Florian B\u00fcrkle. Von der Bundesregierung erhielt er den Titel \u201eKultur- und Kreativpilot Deutschland\u201c f\u00fcr seine Ideen, wie man die Sportart Skateboarding mit der Gestaltung von innovativen Produkten, R\u00e4umen und Veranstaltungen verkn\u00fcpfen kann. Auch er wird im IW8 zu sehen sein.<\/p>\n<h5>Gem\u00e4lde fanden im Kreativzentrum ein neues Zuhause<\/h5>\n<p>Das neue Kreativzentrum ist seit Montag \u00fcbrigens auch Heimat des restaurierten und historischen Wandbildes \u201eDie Wette\u201c. Einige engagierte Feuerbacher haben es sich zur Aufgabe gemacht, die vier Werke aus der ehemaligen Kantine auf dem Schoch-Areal zu retten, ehe demn\u00e4chst auf dem Grundst\u00fcck in Bahnhofsn\u00e4he die Bagger anr\u00fccken, um die Geb\u00e4ude abzurei\u00dfen. Mitglieder des Vereins zur Rettung der Wandbilder im Schoch-Areal werden am Samstag zwischen 19 und 22 Uhr im IW8 sein und ihr Projekt vorstellen.<\/p>\n<p>Zu guter Letzt werden im neuen Kreativzentrum auch noch einmal die Entw\u00fcrfe von 30 Architekturstudenten des neuen deutsch-arabischen Masterstudienganges \u201eIntegrated Urbanism and Sustainable Design\u201c (IUSD) der Uni Stuttgart gezeigt, die sich mit dem k\u00fcnftigen Erscheinungsbild der Mauserstra\u00dfe besch\u00e4ftigt haben. Seit Jahren m\u00f6chte die Stadt Stuttgart dieses Quartier mitten im Gewerbegebiet Feuerbach-Ost st\u00e4dtebaulich aufwerten.<\/p>\n","protected":false},"excerpt":{"rendered":"<p>Artikel in der Nordrundschau vom 11.03.2015 StN und StZ Printausgabe Der Tag geht, die Kultur kommt von Georg Friedel und Torsten Str\u00f6bele, 11.03.2015 17:45 Uhr Bei der langen Kulturnacht in Feuerbach werden neue Projekte aus dem Stadtbezirk vorgestellt. Erstmals beteiligt sich auch das Kreativzentrum im Werk 8 auf dem ehemaligen Produktionsgel\u00e4nde der Firma. Der Tag &hellip; <a href=\"http:\/\/wandbilder-schoch.de\/schoch\/wordpress\/2015\/03\/11\/lange-kulturnacht-2015\/\" class=\"more-link\"><span class=\"screen-reader-text\">\u201eLange Kulturnacht 2015\u201c<\/span> weiterlesen<\/a><\/p>\n","protected":false},"author":3,"featured_media":0,"comment_status":"open","ping_status":"open","sticky":false,"template":"","format":"standard","meta":[],"categories":[3],"tags":[],"_links":{"self":[{"href":"http:\/\/wandbilder-schoch.de\/schoch\/wordpress\/wp-json\/wp\/v2\/posts\/269"}],"collection":[{"href":"http:\/\/wandbilder-schoch.de\/schoch\/wordpress\/wp-json\/wp\/v2\/posts"}],"about":[{"href":"http:\/\/wandbilder-schoch.de\/schoch\/wordpress\/wp-json\/wp\/v2\/types\/post"}],"author":[{"embeddable":true,"href":"http:\/\/wandbilder-schoch.de\/schoch\/wordpress\/wp-json\/wp\/v2\/users\/3"}],"replies":[{"embeddable":true,"href":"http:\/\/wandbilder-schoch.de\/schoch\/wordpress\/wp-json\/wp\/v2\/comments?post=269"}],"version-history":[{"count":2,"href":"http:\/\/wandbilder-schoch.de\/schoch\/wordpress\/wp-json\/wp\/v2\/posts\/269\/revisions"}],"predecessor-version":[{"id":271,"href":"http:\/\/wandbilder-schoch.de\/schoch\/wordpress\/wp-json\/wp\/v2\/posts\/269\/revisions\/271"}],"wp:attachment":[{"href":"http:\/\/wandbilder-schoch.de\/schoch\/wordpress\/wp-json\/wp\/v2\/media?parent=269"}],"wp:term":[{"taxonomy":"category","embeddable":true,"href":"http:\/\/wandbilder-schoch.de\/schoch\/wordpress\/wp-json\/wp\/v2\/categories?post=269"},{"taxonomy":"post_tag","embeddable":true,"href":"http:\/\/wandbilder-schoch.de\/schoch\/wordpress\/wp-json\/wp\/v2\/tags?post=269"}],"curies":[{"name":"wp","href":"https:\/\/api.w.org\/{rel}","templated":true}]}}